{"id":5680,"date":"2021-05-25T17:00:29","date_gmt":"2021-05-25T15:00:29","guid":{"rendered":"https:\/\/www.terra-vinea.com\/coupure_presse\/grand-sud-fm-2021-3\/"},"modified":"2021-05-25T17:00:29","modified_gmt":"2021-05-25T15:00:29","slug":"grand-sud-fm-2021-3","status":"publish","type":"coupure_presse","link":"https:\/\/www.terra-vinea.com\/es\/coupure_presse\/grand-sud-fm-2021-3\/","title":{"rendered":"Grand Sud FM &#8211; 2021"},"content":{"rendered":"<h2 style=\"text-align: center;\"><strong>\u00abL\u00e9a, Guide \u00e0 Terra Vinea\u00bb<\/strong><\/h2>\n<p style=\"text-align: center;\">D\u00e9couvrez l\u2019interview de L\u00e9a Legrand, guide \u00e0 Terra Vinea, \u00e0 l&#8217;occasion de la r\u00e9ouverture du site, diffus\u00e9 sur Grand Sud FM en Mai 2021.<\/p>\n<p><img decoding=\"async\" class=\"aligncenter wp-image-4677 size-medium\" src=\"https:\/\/www.terra-vinea.com\/wp-content\/uploads\/2021\/05\/Lea-Terra-Vinea-mai-2021-300x225.jpg\" alt=\"\" width=\"300\" height=\"225\" srcset=\"https:\/\/www.terra-vinea.com\/wp-content\/uploads\/2021\/05\/Lea-Terra-Vinea-mai-2021-200x150.jpg 200w, https:\/\/www.terra-vinea.com\/wp-content\/uploads\/2021\/05\/Lea-Terra-Vinea-mai-2021-300x225.jpg 300w, https:\/\/www.terra-vinea.com\/wp-content\/uploads\/2021\/05\/Lea-Terra-Vinea-mai-2021-400x300.jpg 400w, https:\/\/www.terra-vinea.com\/wp-content\/uploads\/2021\/05\/Lea-Terra-Vinea-mai-2021-600x450.jpg 600w, https:\/\/www.terra-vinea.com\/wp-content\/uploads\/2021\/05\/Lea-Terra-Vinea-mai-2021-768x576.jpg 768w, https:\/\/www.terra-vinea.com\/wp-content\/uploads\/2021\/05\/Lea-Terra-Vinea-mai-2021-777x583.jpg 777w, https:\/\/www.terra-vinea.com\/wp-content\/uploads\/2021\/05\/Lea-Terra-Vinea-mai-2021-800x600.jpg 800w, https:\/\/www.terra-vinea.com\/wp-content\/uploads\/2021\/05\/Lea-Terra-Vinea-mai-2021-893x670.jpg 893w, https:\/\/www.terra-vinea.com\/wp-content\/uploads\/2021\/05\/Lea-Terra-Vinea-mai-2021-1024x768.jpg 1024w, https:\/\/www.terra-vinea.com\/wp-content\/uploads\/2021\/05\/Lea-Terra-Vinea-mai-2021.jpg 1200w\" sizes=\"(max-width: 300px) 100vw, 300px\" \/><\/p>\n<div class=\"wp-playlist wp-audio-playlist wp-playlist-light\">\n\t\t\t<div class=\"wp-playlist-current-item\"><\/div>\n\t\t<audio controls=\"controls\" preload=\"none\" width=\"1378\"\n\t\t\t><\/audio>\n\t<div class=\"wp-playlist-next\"><\/div>\n\t<div class=\"wp-playlist-prev\"><\/div>\n\t<noscript>\n\t<ol>\n\t\t<li><a data-rel=\"iLightbox[postimages]\" data-title=\"Grand Sud FM Interview L\u00c9A LEGRAND &#8211; L\u00e9a, guide \u00e0 Terra Vinea \u00e0 Portel des Corbi\u00e8res -25052021\" data-caption=\"\" href='https:\/\/www.terra-vinea.com\/wp-content\/uploads\/2020\/09\/Grand-Sud-FM-Interview-LEA-LEGRAND-Lea-guide-a-Terra-Vinea-a-Portel-des-Corbieres-25052021.mp3'>Grand Sud FM Interview L\u00c9A LEGRAND - L\u00e9a, guide \u00e0 Terra Vinea \u00e0 Portel des Corbi\u00e8res -25052021<\/a><\/li>\t<\/ol>\n\t<\/noscript>\n\t<script type=\"application\/json\" class=\"wp-playlist-script\">{\"type\":\"audio\",\"tracklist\":true,\"tracknumbers\":true,\"images\":true,\"artists\":true,\"tracks\":[{\"src\":\"https:\/\/www.terra-vinea.com\/wp-content\/uploads\/2020\/09\/Grand-Sud-FM-Interview-LEA-LEGRAND-Lea-guide-a-Terra-Vinea-a-Portel-des-Corbieres-25052021.mp3\",\"type\":\"audio\/mpeg\",\"title\":\"Grand Sud FM Interview L\\u00c9A LEGRAND - L\\u00e9a, guide \\u00e0 Terra Vinea \\u00e0 Portel des Corbi\\u00e8res -25052021\",\"caption\":\"\",\"description\":\"\\u003Ci\\u003EGrand Sud FM Interview L\\u00c9A LEGRAND - L\\u00e9a, guide \\u00e0 Terra Vinea \\u00e0 Portel des Corbi\\u00e8res -25052021\\u003C\/i\\u003E.\",\"meta\":{\"length_formatted\":\"5:09\"},\"image\":{\"src\":\"https:\/\/www.terra-vinea.com\/wp-includes\/images\/media\/audio.svg\",\"width\":48,\"height\":64},\"thumb\":{\"src\":\"https:\/\/www.terra-vinea.com\/wp-includes\/images\/media\/audio.svg\",\"width\":48,\"height\":64}}]}<\/script>\n<\/div>\n\t\n<span class=\"et_bloom_bottom_trigger\"><\/span>","protected":false},"featured_media":3447,"template":"","class_list":["post-5680","coupure_presse","type-coupure_presse","status-publish","has-post-thumbnail","hentry"],"acf":[],"yoast_head":"<!-- This site is optimized with the Yoast SEO plugin v26.8 - https:\/\/yoast.com\/product\/yoast-seo-wordpress\/ -->\n<title>Grand Sud FM - 2021 - Terra Vinea<\/title>\n<meta name=\"robots\" content=\"index, follow, max-snippet:-1, max-image-preview:large, max-video-preview:-1\" \/>\n<link rel=\"canonical\" href=\"https:\/\/www.terra-vinea.com\/coupure_presse\/grand-sud-fm-2021-3\/\" \/>\n<meta property=\"og:locale\" content=\"es_ES\" \/>\n<meta property=\"og:type\" content=\"article\" \/>\n<meta property=\"og:title\" content=\"Grand Sud FM - 2021 - Terra Vinea\" \/>\n<meta property=\"og:description\" content=\"\u00abL\u00e9a, Guide \u00e0 Terra Vinea\u00bb D\u00e9couvrez l\u2019interview de L\u00e9a Legrand, [...]\" \/>\n<meta property=\"og:url\" content=\"https:\/\/www.terra-vinea.com\/coupure_presse\/grand-sud-fm-2021-3\/\" \/>\n<meta property=\"og:site_name\" content=\"Terra Vinea\" \/>\n<meta property=\"og:image\" content=\"https:\/\/www.terra-vinea.com\/wp-content\/uploads\/2021\/05\/Lea-Terra-Vinea-mai-2021-300x225.jpg\" \/>\n<meta name=\"twitter:card\" content=\"summary_large_image\" \/>\n<script type=\"application\/ld+json\" class=\"yoast-schema-graph\">{\"@context\":\"https:\/\/schema.org\",\"@graph\":[{\"@type\":\"WebPage\",\"@id\":\"https:\/\/www.terra-vinea.com\/coupure_presse\/grand-sud-fm-2021-3\/\",\"url\":\"https:\/\/www.terra-vinea.com\/coupure_presse\/grand-sud-fm-2021-3\/\",\"name\":\"Grand Sud FM - 2021 - Terra Vinea\",\"isPartOf\":{\"@id\":\"https:\/\/www.terra-vinea.com\/es\/#website\"},\"primaryImageOfPage\":{\"@id\":\"https:\/\/www.terra-vinea.com\/coupure_presse\/grand-sud-fm-2021-3\/#primaryimage\"},\"image\":{\"@id\":\"https:\/\/www.terra-vinea.com\/coupure_presse\/grand-sud-fm-2021-3\/#primaryimage\"},\"thumbnailUrl\":\"https:\/\/www.terra-vinea.com\/wp-content\/uploads\/2020\/09\/logo200.jpg\",\"datePublished\":\"2021-05-25T15:00:29+00:00\",\"breadcrumb\":{\"@id\":\"https:\/\/www.terra-vinea.com\/coupure_presse\/grand-sud-fm-2021-3\/#breadcrumb\"},\"inLanguage\":\"es\",\"potentialAction\":[{\"@type\":\"ReadAction\",\"target\":[\"https:\/\/www.terra-vinea.com\/coupure_presse\/grand-sud-fm-2021-3\/\"]}]},{\"@type\":\"ImageObject\",\"inLanguage\":\"es\",\"@id\":\"https:\/\/www.terra-vinea.com\/coupure_presse\/grand-sud-fm-2021-3\/#primaryimage\",\"url\":\"https:\/\/www.terra-vinea.com\/wp-content\/uploads\/2020\/09\/logo200.jpg\",\"contentUrl\":\"https:\/\/www.terra-vinea.com\/wp-content\/uploads\/2020\/09\/logo200.jpg\",\"width\":600,\"height\":600,\"caption\":\"grnd sud fm\"},{\"@type\":\"BreadcrumbList\",\"@id\":\"https:\/\/www.terra-vinea.com\/coupure_presse\/grand-sud-fm-2021-3\/#breadcrumb\",\"itemListElement\":[{\"@type\":\"ListItem\",\"position\":1,\"name\":\"Accueil\",\"item\":\"https:\/\/www.terra-vinea.com\/es\/\"},{\"@type\":\"ListItem\",\"position\":2,\"name\":\"Grand Sud FM &#8211; 2021\"}]},{\"@type\":\"WebSite\",\"@id\":\"https:\/\/www.terra-vinea.com\/es\/#website\",\"url\":\"https:\/\/www.terra-vinea.com\/es\/\",\"name\":\"Terra Vinea\",\"description\":\"Entrez dans l&#039;Histoire\",\"potentialAction\":[{\"@type\":\"SearchAction\",\"target\":{\"@type\":\"EntryPoint\",\"urlTemplate\":\"https:\/\/www.terra-vinea.com\/es\/?s={search_term_string}\"},\"query-input\":{\"@type\":\"PropertyValueSpecification\",\"valueRequired\":true,\"valueName\":\"search_term_string\"}}],\"inLanguage\":\"es\"}]}<\/script>\n<!-- \/ Yoast SEO plugin. -->","yoast_head_json":{"title":"Grand Sud FM - 2021 - Terra Vinea","robots":{"index":"index","follow":"follow","max-snippet":"max-snippet:-1","max-image-preview":"max-image-preview:large","max-video-preview":"max-video-preview:-1"},"canonical":"https:\/\/www.terra-vinea.com\/coupure_presse\/grand-sud-fm-2021-3\/","og_locale":"es_ES","og_type":"article","og_title":"Grand Sud FM - 2021 - Terra Vinea","og_description":"\u00abL\u00e9a, Guide \u00e0 Terra Vinea\u00bb D\u00e9couvrez l\u2019interview de L\u00e9a Legrand, [...]","og_url":"https:\/\/www.terra-vinea.com\/coupure_presse\/grand-sud-fm-2021-3\/","og_site_name":"Terra Vinea","og_image":[{"url":"https:\/\/www.terra-vinea.com\/wp-content\/uploads\/2021\/05\/Lea-Terra-Vinea-mai-2021-300x225.jpg","type":"","width":"","height":""}],"twitter_card":"summary_large_image","schema":{"@context":"https:\/\/schema.org","@graph":[{"@type":"WebPage","@id":"https:\/\/www.terra-vinea.com\/coupure_presse\/grand-sud-fm-2021-3\/","url":"https:\/\/www.terra-vinea.com\/coupure_presse\/grand-sud-fm-2021-3\/","name":"Grand Sud FM - 2021 - Terra Vinea","isPartOf":{"@id":"https:\/\/www.terra-vinea.com\/es\/#website"},"primaryImageOfPage":{"@id":"https:\/\/www.terra-vinea.com\/coupure_presse\/grand-sud-fm-2021-3\/#primaryimage"},"image":{"@id":"https:\/\/www.terra-vinea.com\/coupure_presse\/grand-sud-fm-2021-3\/#primaryimage"},"thumbnailUrl":"https:\/\/www.terra-vinea.com\/wp-content\/uploads\/2020\/09\/logo200.jpg","datePublished":"2021-05-25T15:00:29+00:00","breadcrumb":{"@id":"https:\/\/www.terra-vinea.com\/coupure_presse\/grand-sud-fm-2021-3\/#breadcrumb"},"inLanguage":"es","potentialAction":[{"@type":"ReadAction","target":["https:\/\/www.terra-vinea.com\/coupure_presse\/grand-sud-fm-2021-3\/"]}]},{"@type":"ImageObject","inLanguage":"es","@id":"https:\/\/www.terra-vinea.com\/coupure_presse\/grand-sud-fm-2021-3\/#primaryimage","url":"https:\/\/www.terra-vinea.com\/wp-content\/uploads\/2020\/09\/logo200.jpg","contentUrl":"https:\/\/www.terra-vinea.com\/wp-content\/uploads\/2020\/09\/logo200.jpg","width":600,"height":600,"caption":"grnd sud fm"},{"@type":"BreadcrumbList","@id":"https:\/\/www.terra-vinea.com\/coupure_presse\/grand-sud-fm-2021-3\/#breadcrumb","itemListElement":[{"@type":"ListItem","position":1,"name":"Accueil","item":"https:\/\/www.terra-vinea.com\/es\/"},{"@type":"ListItem","position":2,"name":"Grand Sud FM &#8211; 2021"}]},{"@type":"WebSite","@id":"https:\/\/www.terra-vinea.com\/es\/#website","url":"https:\/\/www.terra-vinea.com\/es\/","name":"Terra Vinea","description":"Entrez dans l&#039;Histoire","potentialAction":[{"@type":"SearchAction","target":{"@type":"EntryPoint","urlTemplate":"https:\/\/www.terra-vinea.com\/es\/?s={search_term_string}"},"query-input":{"@type":"PropertyValueSpecification","valueRequired":true,"valueName":"search_term_string"}}],"inLanguage":"es"}]}},"_links":{"self":[{"href":"https:\/\/www.terra-vinea.com\/es\/wp-json\/wp\/v2\/coupure_presse\/5680","targetHints":{"allow":["GET"]}}],"collection":[{"href":"https:\/\/www.terra-vinea.com\/es\/wp-json\/wp\/v2\/coupure_presse"}],"about":[{"href":"https:\/\/www.terra-vinea.com\/es\/wp-json\/wp\/v2\/types\/coupure_presse"}],"wp:featuredmedia":[{"embeddable":true,"href":"https:\/\/www.terra-vinea.com\/es\/wp-json\/wp\/v2\/media\/3447"}],"wp:attachment":[{"href":"https:\/\/www.terra-vinea.com\/es\/wp-json\/wp\/v2\/media?parent=5680"}],"curies":[{"name":"wp","href":"https:\/\/api.w.org\/{rel}","templated":true}]}}