{"id":6852,"date":"2022-08-07T16:37:29","date_gmt":"2022-08-07T14:37:29","guid":{"rendered":"https:\/\/www.terra-vinea.com\/coupure_presse\/la-depeche-du-midi-2022-3\/"},"modified":"2022-08-07T16:37:29","modified_gmt":"2022-08-07T14:37:29","slug":"la-depeche-du-midi-2022-3","status":"publish","type":"coupure_presse","link":"https:\/\/www.terra-vinea.com\/en\/coupure_presse\/la-depeche-du-midi-2022-3\/","title":{"rendered":"La D\u00e9p\u00eache du Midi &#8211; 2022"},"content":{"rendered":"<h2 style=\"text-align: center;\"><strong>&#8220;Plongez dans les profondeurs de la terre et remontez l&#8217;histoire du vin audois \u00e0 Terra Vinea&#8221;<\/strong><\/h2>\n<p style=\"text-align: center;\">D\u00e9couvrez un article paru en Ao\u00fbt 2022, dans La d\u00e9p\u00eache du Midi.<\/p>\n<p><a href=\"https:\/\/www.terra-vinea.com\/wp-content\/uploads\/2021\/08\/La-Depeche-du-Midi-Aude-20220807-Plongez-dans-les-profondeurs-de-la-Terre.png\"><img decoding=\"async\" class=\"aligncenter\" src=\"https:\/\/www.terra-vinea.com\/wp-content\/uploads\/2021\/08\/La-Depeche-du-Midi-Aude-20220807-Plongez-dans-les-profondeurs-de-la-Terre.png\" width=\"1128\" height=\"905\" \/><\/a><\/p>\n<span class=\"et_bloom_bottom_trigger\"><\/span>","protected":false},"featured_media":5827,"template":"","class_list":["post-6852","coupure_presse","type-coupure_presse","status-publish","has-post-thumbnail","hentry"],"acf":[],"yoast_head":"<!-- This site is optimized with the Yoast SEO plugin v26.8 - https:\/\/yoast.com\/product\/yoast-seo-wordpress\/ -->\n<title>La D\u00e9p\u00eache du Midi - 2022 - Terra Vinea<\/title>\n<meta name=\"robots\" content=\"index, follow, max-snippet:-1, max-image-preview:large, max-video-preview:-1\" \/>\n<link rel=\"canonical\" href=\"https:\/\/www.terra-vinea.com\/en\/coupure_presse\/la-depeche-du-midi-2022-3\/\" \/>\n<meta property=\"og:locale\" content=\"en_US\" \/>\n<meta property=\"og:type\" content=\"article\" \/>\n<meta property=\"og:title\" content=\"La D\u00e9p\u00eache du Midi - 2022 - Terra Vinea\" \/>\n<meta property=\"og:description\" content=\"&#8220;Plongez dans les profondeurs de la terre et remontez l&#8217;histoire [...]\" \/>\n<meta property=\"og:url\" content=\"https:\/\/www.terra-vinea.com\/en\/coupure_presse\/la-depeche-du-midi-2022-3\/\" \/>\n<meta property=\"og:site_name\" content=\"Terra Vinea\" \/>\n<meta property=\"og:image\" content=\"https:\/\/www.terra-vinea.com\/wp-content\/uploads\/2021\/08\/La-Depeche-du-Midi-Aude-20220807-Plongez-dans-les-profondeurs-de-la-Terre.png\" \/>\n\t<meta property=\"og:image:width\" content=\"2375\" \/>\n\t<meta property=\"og:image:height\" content=\"1904\" \/>\n\t<meta property=\"og:image:type\" content=\"image\/png\" \/>\n<meta name=\"twitter:card\" content=\"summary_large_image\" \/>\n<meta name=\"twitter:label1\" content=\"Est. reading time\" \/>\n\t<meta name=\"twitter:data1\" content=\"1 minute\" \/>\n<script type=\"application\/ld+json\" class=\"yoast-schema-graph\">{\"@context\":\"https:\/\/schema.org\",\"@graph\":[{\"@type\":\"WebPage\",\"@id\":\"https:\/\/www.terra-vinea.com\/en\/coupure_presse\/la-depeche-du-midi-2022-3\/\",\"url\":\"https:\/\/www.terra-vinea.com\/en\/coupure_presse\/la-depeche-du-midi-2022-3\/\",\"name\":\"La D\u00e9p\u00eache du Midi - 2022 - Terra Vinea\",\"isPartOf\":{\"@id\":\"https:\/\/www.terra-vinea.com\/es\/#website\"},\"primaryImageOfPage\":{\"@id\":\"https:\/\/www.terra-vinea.com\/en\/coupure_presse\/la-depeche-du-midi-2022-3\/#primaryimage\"},\"image\":{\"@id\":\"https:\/\/www.terra-vinea.com\/en\/coupure_presse\/la-depeche-du-midi-2022-3\/#primaryimage\"},\"thumbnailUrl\":\"https:\/\/www.terra-vinea.com\/wp-content\/uploads\/2021\/08\/La-Depeche-du-Midi-Aude-20220807-Plongez-dans-les-profondeurs-de-la-Terre.png\",\"datePublished\":\"2022-08-07T14:37:29+00:00\",\"breadcrumb\":{\"@id\":\"https:\/\/www.terra-vinea.com\/en\/coupure_presse\/la-depeche-du-midi-2022-3\/#breadcrumb\"},\"inLanguage\":\"en-US\",\"potentialAction\":[{\"@type\":\"ReadAction\",\"target\":[\"https:\/\/www.terra-vinea.com\/en\/coupure_presse\/la-depeche-du-midi-2022-3\/\"]}]},{\"@type\":\"ImageObject\",\"inLanguage\":\"en-US\",\"@id\":\"https:\/\/www.terra-vinea.com\/en\/coupure_presse\/la-depeche-du-midi-2022-3\/#primaryimage\",\"url\":\"https:\/\/www.terra-vinea.com\/wp-content\/uploads\/2021\/08\/La-Depeche-du-Midi-Aude-20220807-Plongez-dans-les-profondeurs-de-la-Terre.png\",\"contentUrl\":\"https:\/\/www.terra-vinea.com\/wp-content\/uploads\/2021\/08\/La-Depeche-du-Midi-Aude-20220807-Plongez-dans-les-profondeurs-de-la-Terre.png\",\"width\":2375,\"height\":1904},{\"@type\":\"BreadcrumbList\",\"@id\":\"https:\/\/www.terra-vinea.com\/en\/coupure_presse\/la-depeche-du-midi-2022-3\/#breadcrumb\",\"itemListElement\":[{\"@type\":\"ListItem\",\"position\":1,\"name\":\"Accueil\",\"item\":\"https:\/\/www.terra-vinea.com\/en\/\"},{\"@type\":\"ListItem\",\"position\":2,\"name\":\"La D\u00e9p\u00eache du Midi &#8211; 2022\"}]},{\"@type\":\"WebSite\",\"@id\":\"https:\/\/www.terra-vinea.com\/es\/#website\",\"url\":\"https:\/\/www.terra-vinea.com\/es\/\",\"name\":\"Terra Vinea\",\"description\":\"Entrez dans l&#039;Histoire\",\"potentialAction\":[{\"@type\":\"SearchAction\",\"target\":{\"@type\":\"EntryPoint\",\"urlTemplate\":\"https:\/\/www.terra-vinea.com\/es\/?s={search_term_string}\"},\"query-input\":{\"@type\":\"PropertyValueSpecification\",\"valueRequired\":true,\"valueName\":\"search_term_string\"}}],\"inLanguage\":\"en-US\"}]}<\/script>\n<!-- \/ Yoast SEO plugin. -->","yoast_head_json":{"title":"La D\u00e9p\u00eache du Midi - 2022 - Terra Vinea","robots":{"index":"index","follow":"follow","max-snippet":"max-snippet:-1","max-image-preview":"max-image-preview:large","max-video-preview":"max-video-preview:-1"},"canonical":"https:\/\/www.terra-vinea.com\/en\/coupure_presse\/la-depeche-du-midi-2022-3\/","og_locale":"en_US","og_type":"article","og_title":"La D\u00e9p\u00eache du Midi - 2022 - Terra Vinea","og_description":"&#8220;Plongez dans les profondeurs de la terre et remontez l&#8217;histoire [...]","og_url":"https:\/\/www.terra-vinea.com\/en\/coupure_presse\/la-depeche-du-midi-2022-3\/","og_site_name":"Terra Vinea","og_image":[{"width":2375,"height":1904,"url":"https:\/\/www.terra-vinea.com\/wp-content\/uploads\/2021\/08\/La-Depeche-du-Midi-Aude-20220807-Plongez-dans-les-profondeurs-de-la-Terre.png","type":"image\/png"}],"twitter_card":"summary_large_image","twitter_misc":{"Est. reading time":"1 minute"},"schema":{"@context":"https:\/\/schema.org","@graph":[{"@type":"WebPage","@id":"https:\/\/www.terra-vinea.com\/en\/coupure_presse\/la-depeche-du-midi-2022-3\/","url":"https:\/\/www.terra-vinea.com\/en\/coupure_presse\/la-depeche-du-midi-2022-3\/","name":"La D\u00e9p\u00eache du Midi - 2022 - Terra Vinea","isPartOf":{"@id":"https:\/\/www.terra-vinea.com\/es\/#website"},"primaryImageOfPage":{"@id":"https:\/\/www.terra-vinea.com\/en\/coupure_presse\/la-depeche-du-midi-2022-3\/#primaryimage"},"image":{"@id":"https:\/\/www.terra-vinea.com\/en\/coupure_presse\/la-depeche-du-midi-2022-3\/#primaryimage"},"thumbnailUrl":"https:\/\/www.terra-vinea.com\/wp-content\/uploads\/2021\/08\/La-Depeche-du-Midi-Aude-20220807-Plongez-dans-les-profondeurs-de-la-Terre.png","datePublished":"2022-08-07T14:37:29+00:00","breadcrumb":{"@id":"https:\/\/www.terra-vinea.com\/en\/coupure_presse\/la-depeche-du-midi-2022-3\/#breadcrumb"},"inLanguage":"en-US","potentialAction":[{"@type":"ReadAction","target":["https:\/\/www.terra-vinea.com\/en\/coupure_presse\/la-depeche-du-midi-2022-3\/"]}]},{"@type":"ImageObject","inLanguage":"en-US","@id":"https:\/\/www.terra-vinea.com\/en\/coupure_presse\/la-depeche-du-midi-2022-3\/#primaryimage","url":"https:\/\/www.terra-vinea.com\/wp-content\/uploads\/2021\/08\/La-Depeche-du-Midi-Aude-20220807-Plongez-dans-les-profondeurs-de-la-Terre.png","contentUrl":"https:\/\/www.terra-vinea.com\/wp-content\/uploads\/2021\/08\/La-Depeche-du-Midi-Aude-20220807-Plongez-dans-les-profondeurs-de-la-Terre.png","width":2375,"height":1904},{"@type":"BreadcrumbList","@id":"https:\/\/www.terra-vinea.com\/en\/coupure_presse\/la-depeche-du-midi-2022-3\/#breadcrumb","itemListElement":[{"@type":"ListItem","position":1,"name":"Accueil","item":"https:\/\/www.terra-vinea.com\/en\/"},{"@type":"ListItem","position":2,"name":"La D\u00e9p\u00eache du Midi &#8211; 2022"}]},{"@type":"WebSite","@id":"https:\/\/www.terra-vinea.com\/es\/#website","url":"https:\/\/www.terra-vinea.com\/es\/","name":"Terra Vinea","description":"Entrez dans l&#039;Histoire","potentialAction":[{"@type":"SearchAction","target":{"@type":"EntryPoint","urlTemplate":"https:\/\/www.terra-vinea.com\/es\/?s={search_term_string}"},"query-input":{"@type":"PropertyValueSpecification","valueRequired":true,"valueName":"search_term_string"}}],"inLanguage":"en-US"}]}},"_links":{"self":[{"href":"https:\/\/www.terra-vinea.com\/en\/wp-json\/wp\/v2\/coupure_presse\/6852","targetHints":{"allow":["GET"]}}],"collection":[{"href":"https:\/\/www.terra-vinea.com\/en\/wp-json\/wp\/v2\/coupure_presse"}],"about":[{"href":"https:\/\/www.terra-vinea.com\/en\/wp-json\/wp\/v2\/types\/coupure_presse"}],"wp:featuredmedia":[{"embeddable":true,"href":"https:\/\/www.terra-vinea.com\/en\/wp-json\/wp\/v2\/media\/5827"}],"wp:attachment":[{"href":"https:\/\/www.terra-vinea.com\/en\/wp-json\/wp\/v2\/media?parent=6852"}],"curies":[{"name":"wp","href":"https:\/\/api.w.org\/{rel}","templated":true}]}}