{"id":2989,"date":"2022-06-02T11:00:29","date_gmt":"2022-06-02T09:00:29","guid":{"rendered":"https:\/\/www.terra-vinea.com\/coupure_presse\/france-3-occitanie-2020-2\/"},"modified":"2022-08-16T13:27:57","modified_gmt":"2022-08-16T11:27:57","slug":"grand-sud-fm-2022","status":"publish","type":"coupure_presse","link":"https:\/\/www.terra-vinea.com\/en\/coupure_presse\/grand-sud-fm-2022\/","title":{"rendered":"Grand Sud FM &#8211; 2022"},"content":{"rendered":"<h2 style=\"text-align: center;\"><strong>&#8220;Manon, Guide \u00e0 Terra Vinea&#8221;<\/strong><\/h2>\n<p style=\"text-align: center;\">D\u00e9couvrez l\u2019interview de Manon Gispert, guide \u00e0 Terra Vinea, diffus\u00e9 sur Grand Sud FM en Mai 2022.<\/p>\n<p style=\"text-align: center;\">Retrouvez les interviews sur <a href=\"https:\/\/radioenlignefrance.com\/grand-sud-fm\">Grand Sud FM.<\/a><\/p>\n<p><img decoding=\"async\" class=\"size-medium wp-image-5681 aligncenter\" src=\"https:\/\/www.terra-vinea.com\/wp-content\/uploads\/2022\/06\/Capture-300x184.png\" alt=\"\" width=\"300\" height=\"184\" srcset=\"https:\/\/www.terra-vinea.com\/wp-content\/uploads\/2022\/06\/Capture-200x123.png 200w, https:\/\/www.terra-vinea.com\/wp-content\/uploads\/2022\/06\/Capture-300x184.png 300w, https:\/\/www.terra-vinea.com\/wp-content\/uploads\/2022\/06\/Capture-400x246.png 400w, https:\/\/www.terra-vinea.com\/wp-content\/uploads\/2022\/06\/Capture.png 456w\" sizes=\"(max-width: 300px) 100vw, 300px\" \/><\/p>\n<div class=\"wp-playlist wp-audio-playlist wp-playlist-light\">\n\t\t\t<div class=\"wp-playlist-current-item\"><\/div>\n\t\t<audio controls=\"controls\" preload=\"none\" width=\"1378\"\n\t\t\t><\/audio>\n\t<div class=\"wp-playlist-next\"><\/div>\n\t<div class=\"wp-playlist-prev\"><\/div>\n\t<noscript>\n\t<ol>\n\t\t<li><a data-rel=\"iLightbox[postimages]\" data-title=\"Grand Sud FM Interview MANON GISPERT &#8211; Manon, guide \u00e0 Terra Vinea \u00e0 Portel des Corbi\u00e8res &#8211; 04052022\" data-caption=\"\" href='https:\/\/www.terra-vinea.com\/wp-content\/uploads\/2022\/06\/Grand-Sud-FM-Interview-MANON-GISPERT-Manon-guide-a-Terra-Vinea-a-Portel-des-Corbieres-04052022.mp3'>Grand Sud FM Interview MANON GISPERT - Manon, guide \u00e0 Terra Vinea \u00e0 Portel des Corbi\u00e8res - 04052022<\/a><\/li>\t<\/ol>\n\t<\/noscript>\n\t<script type=\"application\/json\" class=\"wp-playlist-script\">{\"type\":\"audio\",\"tracklist\":true,\"tracknumbers\":true,\"images\":true,\"artists\":true,\"tracks\":[{\"src\":\"https:\/\/www.terra-vinea.com\/wp-content\/uploads\/2022\/06\/Grand-Sud-FM-Interview-MANON-GISPERT-Manon-guide-a-Terra-Vinea-a-Portel-des-Corbieres-04052022.mp3\",\"type\":\"audio\/mpeg\",\"title\":\"Grand Sud FM Interview MANON GISPERT - Manon, guide \\u00e0 Terra Vinea \\u00e0 Portel des Corbi\\u00e8res - 04052022\",\"caption\":\"\",\"description\":\"\\u003Ci\\u003EGrand Sud FM Interview MANON GISPERT - Manon, guide \\u00e0 Terra Vinea \\u00e0 Portel des Corbi\\u00e8res - 04052022\\u003C\/i\\u003E.\",\"meta\":{\"length_formatted\":\"7:01\"},\"image\":{\"src\":\"https:\/\/www.terra-vinea.com\/wp-includes\/images\/media\/audio.svg\",\"width\":48,\"height\":64},\"thumb\":{\"src\":\"https:\/\/www.terra-vinea.com\/wp-includes\/images\/media\/audio.svg\",\"width\":48,\"height\":64}}]}<\/script>\n<\/div>\n\t\n<span class=\"et_bloom_bottom_trigger\"><\/span>","protected":false},"featured_media":3446,"template":"","class_list":["post-2989","coupure_presse","type-coupure_presse","status-publish","has-post-thumbnail","hentry"],"acf":[],"yoast_head":"<!-- This site is optimized with the Yoast SEO plugin v26.8 - https:\/\/yoast.com\/product\/yoast-seo-wordpress\/ -->\n<title>Grand Sud FM - 2022 - Terra Vinea<\/title>\n<meta name=\"robots\" content=\"index, follow, max-snippet:-1, max-image-preview:large, max-video-preview:-1\" \/>\n<link rel=\"canonical\" href=\"https:\/\/www.terra-vinea.com\/en\/coupure_presse\/grand-sud-fm-2022\/\" \/>\n<meta property=\"og:locale\" content=\"en_US\" \/>\n<meta property=\"og:type\" content=\"article\" \/>\n<meta property=\"og:title\" content=\"Grand Sud FM - 2022 - Terra Vinea\" \/>\n<meta property=\"og:description\" content=\"&#8220;Manon, Guide \u00e0 Terra Vinea&#8221; D\u00e9couvrez l\u2019interview de Manon Gispert, [...]\" \/>\n<meta property=\"og:url\" content=\"https:\/\/www.terra-vinea.com\/en\/coupure_presse\/grand-sud-fm-2022\/\" \/>\n<meta property=\"og:site_name\" content=\"Terra Vinea\" \/>\n<meta property=\"article:modified_time\" content=\"2022-08-16T11:27:57+00:00\" \/>\n<meta property=\"og:image\" content=\"https:\/\/www.terra-vinea.com\/wp-content\/uploads\/2020\/09\/logo200.jpg\" \/>\n\t<meta property=\"og:image:width\" content=\"600\" \/>\n\t<meta property=\"og:image:height\" content=\"600\" \/>\n\t<meta property=\"og:image:type\" content=\"image\/jpeg\" \/>\n<meta name=\"twitter:card\" content=\"summary_large_image\" \/>\n<script type=\"application\/ld+json\" class=\"yoast-schema-graph\">{\"@context\":\"https:\/\/schema.org\",\"@graph\":[{\"@type\":\"WebPage\",\"@id\":\"https:\/\/www.terra-vinea.com\/en\/coupure_presse\/grand-sud-fm-2022\/\",\"url\":\"https:\/\/www.terra-vinea.com\/en\/coupure_presse\/grand-sud-fm-2022\/\",\"name\":\"Grand Sud FM - 2022 - Terra Vinea\",\"isPartOf\":{\"@id\":\"https:\/\/www.terra-vinea.com\/es\/#website\"},\"primaryImageOfPage\":{\"@id\":\"https:\/\/www.terra-vinea.com\/en\/coupure_presse\/grand-sud-fm-2022\/#primaryimage\"},\"image\":{\"@id\":\"https:\/\/www.terra-vinea.com\/en\/coupure_presse\/grand-sud-fm-2022\/#primaryimage\"},\"thumbnailUrl\":\"https:\/\/www.terra-vinea.com\/wp-content\/uploads\/2020\/09\/logo200.jpg\",\"datePublished\":\"2022-06-02T09:00:29+00:00\",\"dateModified\":\"2022-08-16T11:27:57+00:00\",\"breadcrumb\":{\"@id\":\"https:\/\/www.terra-vinea.com\/en\/coupure_presse\/grand-sud-fm-2022\/#breadcrumb\"},\"inLanguage\":\"en-US\",\"potentialAction\":[{\"@type\":\"ReadAction\",\"target\":[\"https:\/\/www.terra-vinea.com\/en\/coupure_presse\/grand-sud-fm-2022\/\"]}]},{\"@type\":\"ImageObject\",\"inLanguage\":\"en-US\",\"@id\":\"https:\/\/www.terra-vinea.com\/en\/coupure_presse\/grand-sud-fm-2022\/#primaryimage\",\"url\":\"https:\/\/www.terra-vinea.com\/wp-content\/uploads\/2020\/09\/logo200.jpg\",\"contentUrl\":\"https:\/\/www.terra-vinea.com\/wp-content\/uploads\/2020\/09\/logo200.jpg\",\"width\":600,\"height\":600,\"caption\":\"grnd sud fm\"},{\"@type\":\"BreadcrumbList\",\"@id\":\"https:\/\/www.terra-vinea.com\/en\/coupure_presse\/grand-sud-fm-2022\/#breadcrumb\",\"itemListElement\":[{\"@type\":\"ListItem\",\"position\":1,\"name\":\"Accueil\",\"item\":\"https:\/\/www.terra-vinea.com\/en\/\"},{\"@type\":\"ListItem\",\"position\":2,\"name\":\"Grand Sud FM &#8211; 2022\"}]},{\"@type\":\"WebSite\",\"@id\":\"https:\/\/www.terra-vinea.com\/es\/#website\",\"url\":\"https:\/\/www.terra-vinea.com\/es\/\",\"name\":\"Terra Vinea\",\"description\":\"Entrez dans l&#039;Histoire\",\"potentialAction\":[{\"@type\":\"SearchAction\",\"target\":{\"@type\":\"EntryPoint\",\"urlTemplate\":\"https:\/\/www.terra-vinea.com\/es\/?s={search_term_string}\"},\"query-input\":{\"@type\":\"PropertyValueSpecification\",\"valueRequired\":true,\"valueName\":\"search_term_string\"}}],\"inLanguage\":\"en-US\"}]}<\/script>\n<!-- \/ Yoast SEO plugin. -->","yoast_head_json":{"title":"Grand Sud FM - 2022 - Terra Vinea","robots":{"index":"index","follow":"follow","max-snippet":"max-snippet:-1","max-image-preview":"max-image-preview:large","max-video-preview":"max-video-preview:-1"},"canonical":"https:\/\/www.terra-vinea.com\/en\/coupure_presse\/grand-sud-fm-2022\/","og_locale":"en_US","og_type":"article","og_title":"Grand Sud FM - 2022 - Terra Vinea","og_description":"&#8220;Manon, Guide \u00e0 Terra Vinea&#8221; D\u00e9couvrez l\u2019interview de Manon Gispert, [...]","og_url":"https:\/\/www.terra-vinea.com\/en\/coupure_presse\/grand-sud-fm-2022\/","og_site_name":"Terra Vinea","article_modified_time":"2022-08-16T11:27:57+00:00","og_image":[{"width":600,"height":600,"url":"https:\/\/www.terra-vinea.com\/wp-content\/uploads\/2020\/09\/logo200.jpg","type":"image\/jpeg"}],"twitter_card":"summary_large_image","schema":{"@context":"https:\/\/schema.org","@graph":[{"@type":"WebPage","@id":"https:\/\/www.terra-vinea.com\/en\/coupure_presse\/grand-sud-fm-2022\/","url":"https:\/\/www.terra-vinea.com\/en\/coupure_presse\/grand-sud-fm-2022\/","name":"Grand Sud FM - 2022 - Terra Vinea","isPartOf":{"@id":"https:\/\/www.terra-vinea.com\/es\/#website"},"primaryImageOfPage":{"@id":"https:\/\/www.terra-vinea.com\/en\/coupure_presse\/grand-sud-fm-2022\/#primaryimage"},"image":{"@id":"https:\/\/www.terra-vinea.com\/en\/coupure_presse\/grand-sud-fm-2022\/#primaryimage"},"thumbnailUrl":"https:\/\/www.terra-vinea.com\/wp-content\/uploads\/2020\/09\/logo200.jpg","datePublished":"2022-06-02T09:00:29+00:00","dateModified":"2022-08-16T11:27:57+00:00","breadcrumb":{"@id":"https:\/\/www.terra-vinea.com\/en\/coupure_presse\/grand-sud-fm-2022\/#breadcrumb"},"inLanguage":"en-US","potentialAction":[{"@type":"ReadAction","target":["https:\/\/www.terra-vinea.com\/en\/coupure_presse\/grand-sud-fm-2022\/"]}]},{"@type":"ImageObject","inLanguage":"en-US","@id":"https:\/\/www.terra-vinea.com\/en\/coupure_presse\/grand-sud-fm-2022\/#primaryimage","url":"https:\/\/www.terra-vinea.com\/wp-content\/uploads\/2020\/09\/logo200.jpg","contentUrl":"https:\/\/www.terra-vinea.com\/wp-content\/uploads\/2020\/09\/logo200.jpg","width":600,"height":600,"caption":"grnd sud fm"},{"@type":"BreadcrumbList","@id":"https:\/\/www.terra-vinea.com\/en\/coupure_presse\/grand-sud-fm-2022\/#breadcrumb","itemListElement":[{"@type":"ListItem","position":1,"name":"Accueil","item":"https:\/\/www.terra-vinea.com\/en\/"},{"@type":"ListItem","position":2,"name":"Grand Sud FM &#8211; 2022"}]},{"@type":"WebSite","@id":"https:\/\/www.terra-vinea.com\/es\/#website","url":"https:\/\/www.terra-vinea.com\/es\/","name":"Terra Vinea","description":"Entrez dans l&#039;Histoire","potentialAction":[{"@type":"SearchAction","target":{"@type":"EntryPoint","urlTemplate":"https:\/\/www.terra-vinea.com\/es\/?s={search_term_string}"},"query-input":{"@type":"PropertyValueSpecification","valueRequired":true,"valueName":"search_term_string"}}],"inLanguage":"en-US"}]}},"_links":{"self":[{"href":"https:\/\/www.terra-vinea.com\/en\/wp-json\/wp\/v2\/coupure_presse\/2989","targetHints":{"allow":["GET"]}}],"collection":[{"href":"https:\/\/www.terra-vinea.com\/en\/wp-json\/wp\/v2\/coupure_presse"}],"about":[{"href":"https:\/\/www.terra-vinea.com\/en\/wp-json\/wp\/v2\/types\/coupure_presse"}],"wp:featuredmedia":[{"embeddable":true,"href":"https:\/\/www.terra-vinea.com\/en\/wp-json\/wp\/v2\/media\/3446"}],"wp:attachment":[{"href":"https:\/\/www.terra-vinea.com\/en\/wp-json\/wp\/v2\/media?parent=2989"}],"curies":[{"name":"wp","href":"https:\/\/api.w.org\/{rel}","templated":true}]}}