{"id":7735,"date":"2024-06-11T16:37:29","date_gmt":"2024-06-11T14:37:29","guid":{"rendered":"https:\/\/www.terra-vinea.com\/coupure_presse\/tout-le-vin-2024-3\/"},"modified":"2024-07-16T10:50:49","modified_gmt":"2024-07-16T08:50:49","slug":"independant-2024","status":"publish","type":"coupure_presse","link":"https:\/\/www.terra-vinea.com\/ca\/coupure_presse\/independant-2024\/","title":{"rendered":"L&#8217;ind\u00e9pendant &#8211; 2024"},"content":{"rendered":"<h2 style=\"text-align: center;\"><strong>&#8220;2 belles expositions photos pour les 35 ans de l&#8217;ARAS&#8221;<\/strong><\/h2>\n<p style=\"text-align: center;\">D\u00e9couvrez l&#8217;article paru dans l&#8217;Ind\u00e9pendant en juin 2024, \u00e0 l&#8217;occasion des 35 ans de l&#8217;association les Amis de la R\u00e9serve Africaine de Sigean.<\/p>\n<p><a href=\"https:\/\/www.terra-vinea.com\/wp-content\/uploads\/2024\/07\/LIndependant-Narbonne-20240611-2-belles-expositions-photos-pour-les-35-ans-de-lARAS.jpg\"><img decoding=\"async\" class=\"alignnone wp-image-7725 size-full\" src=\"https:\/\/www.terra-vinea.com\/wp-content\/uploads\/2024\/07\/LIndependant-Narbonne-20240611-2-belles-expositions-photos-pour-les-35-ans-de-lARAS.jpg\" alt=\"\" width=\"1775\" height=\"1680\" srcset=\"https:\/\/www.terra-vinea.com\/wp-content\/uploads\/2024\/07\/LIndependant-Narbonne-20240611-2-belles-expositions-photos-pour-les-35-ans-de-lARAS-200x189.jpg 200w, https:\/\/www.terra-vinea.com\/wp-content\/uploads\/2024\/07\/LIndependant-Narbonne-20240611-2-belles-expositions-photos-pour-les-35-ans-de-lARAS-300x284.jpg 300w, https:\/\/www.terra-vinea.com\/wp-content\/uploads\/2024\/07\/LIndependant-Narbonne-20240611-2-belles-expositions-photos-pour-les-35-ans-de-lARAS-400x379.jpg 400w, https:\/\/www.terra-vinea.com\/wp-content\/uploads\/2024\/07\/LIndependant-Narbonne-20240611-2-belles-expositions-photos-pour-les-35-ans-de-lARAS-600x568.jpg 600w, https:\/\/www.terra-vinea.com\/wp-content\/uploads\/2024\/07\/LIndependant-Narbonne-20240611-2-belles-expositions-photos-pour-les-35-ans-de-lARAS-610x577.jpg 610w, https:\/\/www.terra-vinea.com\/wp-content\/uploads\/2024\/07\/LIndependant-Narbonne-20240611-2-belles-expositions-photos-pour-les-35-ans-de-lARAS-616x583.jpg 616w, https:\/\/www.terra-vinea.com\/wp-content\/uploads\/2024\/07\/LIndependant-Narbonne-20240611-2-belles-expositions-photos-pour-les-35-ans-de-lARAS-708x670.jpg 708w, https:\/\/www.terra-vinea.com\/wp-content\/uploads\/2024\/07\/LIndependant-Narbonne-20240611-2-belles-expositions-photos-pour-les-35-ans-de-lARAS-768x727.jpg 768w, https:\/\/www.terra-vinea.com\/wp-content\/uploads\/2024\/07\/LIndependant-Narbonne-20240611-2-belles-expositions-photos-pour-les-35-ans-de-lARAS-800x757.jpg 800w, https:\/\/www.terra-vinea.com\/wp-content\/uploads\/2024\/07\/LIndependant-Narbonne-20240611-2-belles-expositions-photos-pour-les-35-ans-de-lARAS-1024x969.jpg 1024w, https:\/\/www.terra-vinea.com\/wp-content\/uploads\/2024\/07\/LIndependant-Narbonne-20240611-2-belles-expositions-photos-pour-les-35-ans-de-lARAS-1200x1136.jpg 1200w, https:\/\/www.terra-vinea.com\/wp-content\/uploads\/2024\/07\/LIndependant-Narbonne-20240611-2-belles-expositions-photos-pour-les-35-ans-de-lARAS-1536x1454.jpg 1536w, https:\/\/www.terra-vinea.com\/wp-content\/uploads\/2024\/07\/LIndependant-Narbonne-20240611-2-belles-expositions-photos-pour-les-35-ans-de-lARAS.jpg 1775w\" sizes=\"(max-width: 1775px) 100vw, 1775px\" \/><\/a><\/p>\n<span class=\"et_bloom_bottom_trigger\"><\/span>","protected":false},"featured_media":7726,"template":"","class_list":["post-7735","coupure_presse","type-coupure_presse","status-publish","has-post-thumbnail","hentry"],"acf":[],"yoast_head":"<!-- This site is optimized with the Yoast SEO plugin v26.8 - https:\/\/yoast.com\/product\/yoast-seo-wordpress\/ -->\n<title>L&#039;ind\u00e9pendant - 2024 - Terra Vinea<\/title>\n<meta name=\"robots\" content=\"index, follow, max-snippet:-1, max-image-preview:large, max-video-preview:-1\" \/>\n<link rel=\"canonical\" href=\"https:\/\/www.terra-vinea.com\/ca\/coupure_presse\/independant-2024\/\" \/>\n<meta property=\"og:locale\" content=\"ca_ES\" \/>\n<meta property=\"og:type\" content=\"article\" \/>\n<meta property=\"og:title\" content=\"L&#039;ind\u00e9pendant - 2024 - Terra Vinea\" \/>\n<meta property=\"og:description\" content=\"&#8220;2 belles expositions photos pour les 35 ans de l&#8217;ARAS&#8221; [...]\" \/>\n<meta property=\"og:url\" content=\"https:\/\/www.terra-vinea.com\/ca\/coupure_presse\/independant-2024\/\" \/>\n<meta property=\"og:site_name\" content=\"Terra Vinea\" \/>\n<meta property=\"article:modified_time\" content=\"2024-07-16T08:50:49+00:00\" \/>\n<meta property=\"og:image\" content=\"https:\/\/www.terra-vinea.com\/wp-content\/uploads\/2024\/07\/LIndependant-Narbonne-20240611-2-belles-expositions-photos-pour-les-35-ans-de-lARAS.jpg\" \/>\n\t<meta property=\"og:image:width\" content=\"1775\" \/>\n\t<meta property=\"og:image:height\" content=\"1680\" \/>\n\t<meta property=\"og:image:type\" content=\"image\/jpeg\" \/>\n<meta name=\"twitter:card\" content=\"summary_large_image\" \/>\n<meta name=\"twitter:label1\" content=\"Temps estimat de lectura\" \/>\n\t<meta name=\"twitter:data1\" content=\"1 minut\" \/>\n<script type=\"application\/ld+json\" class=\"yoast-schema-graph\">{\"@context\":\"https:\/\/schema.org\",\"@graph\":[{\"@type\":\"WebPage\",\"@id\":\"https:\/\/www.terra-vinea.com\/ca\/coupure_presse\/independant-2024\/\",\"url\":\"https:\/\/www.terra-vinea.com\/ca\/coupure_presse\/independant-2024\/\",\"name\":\"L'ind\u00e9pendant - 2024 - Terra Vinea\",\"isPartOf\":{\"@id\":\"https:\/\/www.terra-vinea.com\/es\/#website\"},\"primaryImageOfPage\":{\"@id\":\"https:\/\/www.terra-vinea.com\/ca\/coupure_presse\/independant-2024\/#primaryimage\"},\"image\":{\"@id\":\"https:\/\/www.terra-vinea.com\/ca\/coupure_presse\/independant-2024\/#primaryimage\"},\"thumbnailUrl\":\"https:\/\/www.terra-vinea.com\/wp-content\/uploads\/2024\/07\/LIndependant-Narbonne-20240611-2-belles-expositions-photos-pour-les-35-ans-de-lARAS.jpg\",\"datePublished\":\"2024-06-11T14:37:29+00:00\",\"dateModified\":\"2024-07-16T08:50:49+00:00\",\"breadcrumb\":{\"@id\":\"https:\/\/www.terra-vinea.com\/ca\/coupure_presse\/independant-2024\/#breadcrumb\"},\"inLanguage\":\"ca\",\"potentialAction\":[{\"@type\":\"ReadAction\",\"target\":[\"https:\/\/www.terra-vinea.com\/ca\/coupure_presse\/independant-2024\/\"]}]},{\"@type\":\"ImageObject\",\"inLanguage\":\"ca\",\"@id\":\"https:\/\/www.terra-vinea.com\/ca\/coupure_presse\/independant-2024\/#primaryimage\",\"url\":\"https:\/\/www.terra-vinea.com\/wp-content\/uploads\/2024\/07\/LIndependant-Narbonne-20240611-2-belles-expositions-photos-pour-les-35-ans-de-lARAS.jpg\",\"contentUrl\":\"https:\/\/www.terra-vinea.com\/wp-content\/uploads\/2024\/07\/LIndependant-Narbonne-20240611-2-belles-expositions-photos-pour-les-35-ans-de-lARAS.jpg\",\"width\":1775,\"height\":1680},{\"@type\":\"BreadcrumbList\",\"@id\":\"https:\/\/www.terra-vinea.com\/ca\/coupure_presse\/independant-2024\/#breadcrumb\",\"itemListElement\":[{\"@type\":\"ListItem\",\"position\":1,\"name\":\"Accueil\",\"item\":\"https:\/\/www.terra-vinea.com\/ca\/\"},{\"@type\":\"ListItem\",\"position\":2,\"name\":\"L&rsquo;ind\u00e9pendant &#8211; 2024\"}]},{\"@type\":\"WebSite\",\"@id\":\"https:\/\/www.terra-vinea.com\/es\/#website\",\"url\":\"https:\/\/www.terra-vinea.com\/es\/\",\"name\":\"Terra Vinea\",\"description\":\"Entrez dans l&#039;Histoire\",\"potentialAction\":[{\"@type\":\"SearchAction\",\"target\":{\"@type\":\"EntryPoint\",\"urlTemplate\":\"https:\/\/www.terra-vinea.com\/es\/?s={search_term_string}\"},\"query-input\":{\"@type\":\"PropertyValueSpecification\",\"valueRequired\":true,\"valueName\":\"search_term_string\"}}],\"inLanguage\":\"ca\"}]}<\/script>\n<!-- \/ Yoast SEO plugin. -->","yoast_head_json":{"title":"L'ind\u00e9pendant - 2024 - Terra Vinea","robots":{"index":"index","follow":"follow","max-snippet":"max-snippet:-1","max-image-preview":"max-image-preview:large","max-video-preview":"max-video-preview:-1"},"canonical":"https:\/\/www.terra-vinea.com\/ca\/coupure_presse\/independant-2024\/","og_locale":"ca_ES","og_type":"article","og_title":"L'ind\u00e9pendant - 2024 - Terra Vinea","og_description":"&#8220;2 belles expositions photos pour les 35 ans de l&#8217;ARAS&#8221; [...]","og_url":"https:\/\/www.terra-vinea.com\/ca\/coupure_presse\/independant-2024\/","og_site_name":"Terra Vinea","article_modified_time":"2024-07-16T08:50:49+00:00","og_image":[{"width":1775,"height":1680,"url":"https:\/\/www.terra-vinea.com\/wp-content\/uploads\/2024\/07\/LIndependant-Narbonne-20240611-2-belles-expositions-photos-pour-les-35-ans-de-lARAS.jpg","type":"image\/jpeg"}],"twitter_card":"summary_large_image","twitter_misc":{"Temps estimat de lectura":"1 minut"},"schema":{"@context":"https:\/\/schema.org","@graph":[{"@type":"WebPage","@id":"https:\/\/www.terra-vinea.com\/ca\/coupure_presse\/independant-2024\/","url":"https:\/\/www.terra-vinea.com\/ca\/coupure_presse\/independant-2024\/","name":"L'ind\u00e9pendant - 2024 - Terra Vinea","isPartOf":{"@id":"https:\/\/www.terra-vinea.com\/es\/#website"},"primaryImageOfPage":{"@id":"https:\/\/www.terra-vinea.com\/ca\/coupure_presse\/independant-2024\/#primaryimage"},"image":{"@id":"https:\/\/www.terra-vinea.com\/ca\/coupure_presse\/independant-2024\/#primaryimage"},"thumbnailUrl":"https:\/\/www.terra-vinea.com\/wp-content\/uploads\/2024\/07\/LIndependant-Narbonne-20240611-2-belles-expositions-photos-pour-les-35-ans-de-lARAS.jpg","datePublished":"2024-06-11T14:37:29+00:00","dateModified":"2024-07-16T08:50:49+00:00","breadcrumb":{"@id":"https:\/\/www.terra-vinea.com\/ca\/coupure_presse\/independant-2024\/#breadcrumb"},"inLanguage":"ca","potentialAction":[{"@type":"ReadAction","target":["https:\/\/www.terra-vinea.com\/ca\/coupure_presse\/independant-2024\/"]}]},{"@type":"ImageObject","inLanguage":"ca","@id":"https:\/\/www.terra-vinea.com\/ca\/coupure_presse\/independant-2024\/#primaryimage","url":"https:\/\/www.terra-vinea.com\/wp-content\/uploads\/2024\/07\/LIndependant-Narbonne-20240611-2-belles-expositions-photos-pour-les-35-ans-de-lARAS.jpg","contentUrl":"https:\/\/www.terra-vinea.com\/wp-content\/uploads\/2024\/07\/LIndependant-Narbonne-20240611-2-belles-expositions-photos-pour-les-35-ans-de-lARAS.jpg","width":1775,"height":1680},{"@type":"BreadcrumbList","@id":"https:\/\/www.terra-vinea.com\/ca\/coupure_presse\/independant-2024\/#breadcrumb","itemListElement":[{"@type":"ListItem","position":1,"name":"Accueil","item":"https:\/\/www.terra-vinea.com\/ca\/"},{"@type":"ListItem","position":2,"name":"L&rsquo;ind\u00e9pendant &#8211; 2024"}]},{"@type":"WebSite","@id":"https:\/\/www.terra-vinea.com\/es\/#website","url":"https:\/\/www.terra-vinea.com\/es\/","name":"Terra Vinea","description":"Entrez dans l&#039;Histoire","potentialAction":[{"@type":"SearchAction","target":{"@type":"EntryPoint","urlTemplate":"https:\/\/www.terra-vinea.com\/es\/?s={search_term_string}"},"query-input":{"@type":"PropertyValueSpecification","valueRequired":true,"valueName":"search_term_string"}}],"inLanguage":"ca"}]}},"_links":{"self":[{"href":"https:\/\/www.terra-vinea.com\/ca\/wp-json\/wp\/v2\/coupure_presse\/7735","targetHints":{"allow":["GET"]}}],"collection":[{"href":"https:\/\/www.terra-vinea.com\/ca\/wp-json\/wp\/v2\/coupure_presse"}],"about":[{"href":"https:\/\/www.terra-vinea.com\/ca\/wp-json\/wp\/v2\/types\/coupure_presse"}],"wp:featuredmedia":[{"embeddable":true,"href":"https:\/\/www.terra-vinea.com\/ca\/wp-json\/wp\/v2\/media\/7726"}],"wp:attachment":[{"href":"https:\/\/www.terra-vinea.com\/ca\/wp-json\/wp\/v2\/media?parent=7735"}],"curies":[{"name":"wp","href":"https:\/\/api.w.org\/{rel}","templated":true}]}}